{"id":1095,"date":"2023-08-03T09:48:59","date_gmt":"2023-08-03T09:48:59","guid":{"rendered":"https:\/\/victorwetzel.fr\/?p=1095"},"modified":"2023-12-29T19:09:19","modified_gmt":"2023-12-29T19:09:19","slug":"sinfonia-villette","status":"publish","type":"post","link":"https:\/\/victorwetzel.fr\/?p=1095","title":{"rendered":"Sinfonia Villette"},"content":{"rendered":"\n<p>Pour la troisi\u00e8me ann\u00e9e cons\u00e9cutive, l\u2019Orchestre de chambre de Paris propose \u00e0 un compositeur d\u2019imaginer un parcours de cr\u00e9ation musicale avec les \u00e9l\u00e8ves d\u2019une classe de 5\u00e8me du coll\u00e8ge Mozart. L\u2019occasion pour les jeunes de se familiariser avec l\u2019univers de la cr\u00e9ation contemporaine et de prendre part \u00e0 l\u2019\u00e9criture d\u2019une \u0153uvre collective. Cette ann\u00e9e, les composit\u00b7eur\u00b7ice\u00b7s Paola Alvil\u00e8s, Victor Wetzel et Paul Ramage accompagneront les \u00e9l\u00e8ves dans la cr\u00e9ation d\u2019un paysage sonore inspir\u00e9 de leur quartier.<\/p>\n\n\n\n<figure class=\"wp-block-embed is-type-video is-provider-youtube wp-block-embed-youtube wp-embed-aspect-16-9 wp-has-aspect-ratio\"><div class=\"wp-block-embed__wrapper\">\n<div class=\"jetpack-video-wrapper\"><span class=\"embed-youtube\" style=\"text-align:center; display: block;\"><iframe loading=\"lazy\" class=\"youtube-player\" width=\"700\" height=\"394\" src=\"https:\/\/www.youtube.com\/embed\/XeqJAYnhfgo?version=3&#038;rel=1&#038;showsearch=0&#038;showinfo=1&#038;iv_load_policy=1&#038;fs=1&#038;hl=fr-FR&#038;autohide=2&#038;wmode=transparent\" allowfullscreen=\"true\" style=\"border:0;\" sandbox=\"allow-scripts allow-same-origin allow-popups allow-presentation allow-popups-to-escape-sandbox\"><\/iframe><\/span><\/div>\n<\/div><figcaption class=\"wp-element-caption\">Reportage sur le projet p\u00e9dagogique<\/figcaption><\/figure>\n\n\n\n<p>Revue de presse :<\/p>\n\n\n\n<ul class=\"wp-block-list\">\n<li><a href=\"https:\/\/www.orchestredechambredeparis.com\/action\/sinfonia-villette-2\/\" target=\"_blank\" rel=\"noopener\" title=\"Site web de l'Orchestre de Chambre de Paris\">Site web de l&rsquo;Orchestre de Chambre de Paris<\/a><\/li>\n\n\n\n<li><a href=\"https:\/\/www.calameo.com\/orchestredechambredeparis\/read\/0062432374129fb33c92e\" target=\"_blank\" rel=\"noopener\" title=\"Article dans Ensemble, le magazine de l'Orchestre de Chambre de Paris\">Article dans Ensemble, le magazine de l&rsquo;Orchestre de Chambre de Paris<\/a><\/li>\n\n\n\n<li><a href=\"https:\/\/www.radiofrance.fr\/francemusique\/podcasts\/reportage\/au-nord-de-paris-des-eleves-mettent-en-musique-les-sons-de-leur-quartier-8959093\" target=\"_blank\" rel=\"noopener\" title=\"Reportage de France Musique\">Reportage de France Musique<\/a><\/li>\n<\/ul>\n","protected":false},"excerpt":{"rendered":"<p>Pour la troisi\u00e8me ann\u00e9e cons\u00e9cutive, l\u2019Orchestre de chambre de Paris propose \u00e0 un compositeur d\u2019imaginer un parcours de cr\u00e9ation musicale avec les \u00e9l\u00e8ves d\u2019une classe de 5\u00e8me du coll\u00e8ge Mozart. L\u2019occasion pour les jeunes de se familiariser avec l\u2019univers de la cr\u00e9ation contemporaine et de prendre part \u00e0 l\u2019\u00e9criture d\u2019une \u0153uvre collective. Cette ann\u00e9e, les [&hellip;]<\/p>\n","protected":false},"author":1,"featured_media":1097,"comment_status":"closed","ping_status":"open","sticky":false,"template":"","format":"standard","meta":{"material-hide-sections":[],"_jetpack_memberships_contains_paid_content":false,"footnotes":""},"categories":[25],"tags":[],"class_list":["post-1095","post","type-post","status-publish","format-standard","has-post-thumbnail","hentry","category-pedagogie"],"aioseo_notices":[],"jetpack_featured_media_url":"https:\/\/victorwetzel.fr\/wp-content\/uploads\/2023\/08\/Screenshot-2023-08-03-at-11.48.29.png","jetpack_sharing_enabled":true,"_links":{"self":[{"href":"https:\/\/victorwetzel.fr\/index.php?rest_route=\/wp\/v2\/posts\/1095","targetHints":{"allow":["GET"]}}],"collection":[{"href":"https:\/\/victorwetzel.fr\/index.php?rest_route=\/wp\/v2\/posts"}],"about":[{"href":"https:\/\/victorwetzel.fr\/index.php?rest_route=\/wp\/v2\/types\/post"}],"author":[{"embeddable":true,"href":"https:\/\/victorwetzel.fr\/index.php?rest_route=\/wp\/v2\/users\/1"}],"replies":[{"embeddable":true,"href":"https:\/\/victorwetzel.fr\/index.php?rest_route=%2Fwp%2Fv2%2Fcomments&post=1095"}],"version-history":[{"count":2,"href":"https:\/\/victorwetzel.fr\/index.php?rest_route=\/wp\/v2\/posts\/1095\/revisions"}],"predecessor-version":[{"id":1102,"href":"https:\/\/victorwetzel.fr\/index.php?rest_route=\/wp\/v2\/posts\/1095\/revisions\/1102"}],"wp:featuredmedia":[{"embeddable":true,"href":"https:\/\/victorwetzel.fr\/index.php?rest_route=\/wp\/v2\/media\/1097"}],"wp:attachment":[{"href":"https:\/\/victorwetzel.fr\/index.php?rest_route=%2Fwp%2Fv2%2Fmedia&parent=1095"}],"wp:term":[{"taxonomy":"category","embeddable":true,"href":"https:\/\/victorwetzel.fr\/index.php?rest_route=%2Fwp%2Fv2%2Fcategories&post=1095"},{"taxonomy":"post_tag","embeddable":true,"href":"https:\/\/victorwetzel.fr\/index.php?rest_route=%2Fwp%2Fv2%2Ftags&post=1095"}],"curies":[{"name":"wp","href":"https:\/\/api.w.org\/{rel}","templated":true}]}}